{"id":27,"date":"2007-06-27T11:47:21","date_gmt":"2007-06-27T09:47:21","guid":{"rendered":"http:\/\/www.thueringer-sportaemter.de\/cms\/?p=27"},"modified":"2017-12-28T07:38:28","modified_gmt":"2017-12-28T06:38:28","slug":"langjaehriger-vorsitzender-der-thueringer-sportaemterkonferenz-verabschiedet","status":"publish","type":"post","link":"https:\/\/www.thueringer-sportaemter.de\/cms\/index.php\/2007\/06\/27\/langjaehriger-vorsitzender-der-thueringer-sportaemterkonferenz-verabschiedet\/","title":{"rendered":"Langj\u00e4hriger Vorsitzender der Th\u00fcringer Sport\u00e4mterkonferenz verabschiedet"},"content":{"rendered":"<p><strong>F.-P. Pallasch als langj\u00e4hriger Vorsitzender der Th\u00fcringer Sport\u00e4mterkonferenz verabschiedet<\/strong><\/p>\n<p>Frank-Peter Pallasch leitete am 30. \/ 31. Mai letztmalig eine Tagung der Th\u00fcringer Sport\u00e4mterkonferenz. Nach 16 Jahren Vorsitz verabschiedete sich das Gr\u00fcndungsmitglied der Th\u00fcringer S\u00c4K in den wohlverdienten Ruhestand.<\/p>\n<p>Er hat durch seinen steten Einsatz und durch seine Hartn\u00e4ckigkeit wesentlichen Anteil daran, dass der Sport und die Sportverwaltung in Th\u00fcringen einen hohen Stellenwert genie\u00dfen, was sich auch in der Verankerung des Sports und der Sportf\u00f6rderung in der Kommunalordnung und im Th\u00fcringer Sportf\u00f6rdergesetz ausdr\u00fcckt.<\/p>\n<p>Rudolf Behacker, Vorsitzender der Arbeitsgemeinschaft Deutscher Sport\u00e4mter, Gottfried Tonh\u00e4user, Referatsleiter im TMWTA sowie der designierte Nachfolger im Amt, Klaus Billig aus Weimar, richteten anerkennende Worte des Dankes, verbunden mit den besten W\u00fcschen f\u00fcr die Zukunft, an den angehenden Ruhest\u00e4ndler.<\/p>\n<figure id=\"attachment_30\" aria-describedby=\"caption-attachment-30\" style=\"width: 300px\" class=\"wp-caption alignnone\"><img loading=\"lazy\" decoding=\"async\" class=\"size-medium wp-image-30\" src=\"https:\/\/www.thueringer-sportaemter.de\/cms\/wp-content\/uploads\/2017\/01\/Pallasch3-300x199.jpg\" alt=\"Klaus Billig tritt als Nachfolger ein anspruchsvolles Amt an\" width=\"300\" height=\"199\" srcset=\"https:\/\/www.thueringer-sportaemter.de\/cms\/wp-content\/uploads\/2017\/01\/Pallasch3-300x199.jpg 300w, https:\/\/www.thueringer-sportaemter.de\/cms\/wp-content\/uploads\/2017\/01\/Pallasch3.jpg 427w\" sizes=\"(max-width: 300px) 100vw, 300px\" \/><figcaption id=\"caption-attachment-30\" class=\"wp-caption-text\">Klaus Billig tritt als Nachfolger ein anspruchsvolles Amt an<\/figcaption><\/figure>\n<figure id=\"attachment_29\" aria-describedby=\"caption-attachment-29\" style=\"width: 300px\" class=\"wp-caption alignnone\"><img loading=\"lazy\" decoding=\"async\" class=\"size-medium wp-image-29\" src=\"https:\/\/www.thueringer-sportaemter.de\/cms\/wp-content\/uploads\/2017\/01\/Pallasch2-300x199.jpg\" alt=\"Gottfried Tonh\u00e4user dankte im Namen des Ministers\" width=\"300\" height=\"199\" srcset=\"https:\/\/www.thueringer-sportaemter.de\/cms\/wp-content\/uploads\/2017\/01\/Pallasch2-300x199.jpg 300w, https:\/\/www.thueringer-sportaemter.de\/cms\/wp-content\/uploads\/2017\/01\/Pallasch2.jpg 427w\" sizes=\"(max-width: 300px) 100vw, 300px\" \/><figcaption id=\"caption-attachment-29\" class=\"wp-caption-text\">Gottfried Tonh\u00e4user dankte im Namen des Ministers<\/figcaption><\/figure>\n<figure id=\"attachment_28\" aria-describedby=\"caption-attachment-28\" style=\"width: 300px\" class=\"wp-caption alignnone\"><img loading=\"lazy\" decoding=\"async\" class=\"size-medium wp-image-28\" src=\"https:\/\/www.thueringer-sportaemter.de\/cms\/wp-content\/uploads\/2017\/01\/Pallasch1-300x199.jpg\" alt=\"Rudolf Behacker \u00fcberbrachte die besten W\u00fcnsche der ADS\" width=\"300\" height=\"199\" srcset=\"https:\/\/www.thueringer-sportaemter.de\/cms\/wp-content\/uploads\/2017\/01\/Pallasch1-300x199.jpg 300w, https:\/\/www.thueringer-sportaemter.de\/cms\/wp-content\/uploads\/2017\/01\/Pallasch1.jpg 427w\" sizes=\"(max-width: 300px) 100vw, 300px\" \/><figcaption id=\"caption-attachment-28\" class=\"wp-caption-text\">Rudolf Behacker \u00fcberbrachte die besten W\u00fcnsche der ADS<\/figcaption><\/figure>\n","protected":false},"excerpt":{"rendered":"<p>F.-P. Pallasch als langj\u00e4hriger Vorsitzender der Th\u00fcringer Sport\u00e4mterkonferenz verabschiedet Frank-Peter Pallasch leitete am 30. \/ 31. Mai letztmalig eine Tagung der Th\u00fcringer Sport\u00e4mterkonferenz. Nach 16 Jahren Vorsitz verabschiedete sich das &#8230;<\/p>\n","protected":false},"author":2,"featured_media":29,"comment_status":"open","ping_status":"open","sticky":false,"template":"","format":"standard","meta":{"footnotes":""},"categories":[1],"tags":[],"class_list":["post-27","post","type-post","status-publish","format-standard","has-post-thumbnail","hentry","category-allgemein"],"_links":{"self":[{"href":"https:\/\/www.thueringer-sportaemter.de\/cms\/index.php\/wp-json\/wp\/v2\/posts\/27"}],"collection":[{"href":"https:\/\/www.thueringer-sportaemter.de\/cms\/index.php\/wp-json\/wp\/v2\/posts"}],"about":[{"href":"https:\/\/www.thueringer-sportaemter.de\/cms\/index.php\/wp-json\/wp\/v2\/types\/post"}],"author":[{"embeddable":true,"href":"https:\/\/www.thueringer-sportaemter.de\/cms\/index.php\/wp-json\/wp\/v2\/users\/2"}],"replies":[{"embeddable":true,"href":"https:\/\/www.thueringer-sportaemter.de\/cms\/index.php\/wp-json\/wp\/v2\/comments?post=27"}],"version-history":[{"count":1,"href":"https:\/\/www.thueringer-sportaemter.de\/cms\/index.php\/wp-json\/wp\/v2\/posts\/27\/revisions"}],"predecessor-version":[{"id":31,"href":"https:\/\/www.thueringer-sportaemter.de\/cms\/index.php\/wp-json\/wp\/v2\/posts\/27\/revisions\/31"}],"wp:featuredmedia":[{"embeddable":true,"href":"https:\/\/www.thueringer-sportaemter.de\/cms\/index.php\/wp-json\/wp\/v2\/media\/29"}],"wp:attachment":[{"href":"https:\/\/www.thueringer-sportaemter.de\/cms\/index.php\/wp-json\/wp\/v2\/media?parent=27"}],"wp:term":[{"taxonomy":"category","embeddable":true,"href":"https:\/\/www.thueringer-sportaemter.de\/cms\/index.php\/wp-json\/wp\/v2\/categories?post=27"},{"taxonomy":"post_tag","embeddable":true,"href":"https:\/\/www.thueringer-sportaemter.de\/cms\/index.php\/wp-json\/wp\/v2\/tags?post=27"}],"curies":[{"name":"wp","href":"https:\/\/api.w.org\/{rel}","templated":true}]}}