{"id":1424,"date":"2023-06-01T08:53:30","date_gmt":"2023-06-01T06:53:30","guid":{"rendered":"https:\/\/www.thueringer-sportaemter.de\/cms\/?p=1424"},"modified":"2023-06-01T08:54:08","modified_gmt":"2023-06-01T06:54:08","slug":"fruehjahrstagung-2023-in-weimar","status":"publish","type":"post","link":"https:\/\/www.thueringer-sportaemter.de\/cms\/index.php\/2023\/06\/01\/fruehjahrstagung-2023-in-weimar\/","title":{"rendered":"Fr\u00fchjahrstagung 2023 in Weimar"},"content":{"rendered":"<p><img loading=\"lazy\" decoding=\"async\" class=\"alignnone wp-image-1425 size-full\" src=\"https:\/\/www.thueringer-sportaemter.de\/cms\/wp-content\/uploads\/2023\/06\/PXL_20230510_073429039.jpg\" alt=\"\" width=\"1920\" height=\"1446\" srcset=\"https:\/\/www.thueringer-sportaemter.de\/cms\/wp-content\/uploads\/2023\/06\/PXL_20230510_073429039.jpg 1920w, https:\/\/www.thueringer-sportaemter.de\/cms\/wp-content\/uploads\/2023\/06\/PXL_20230510_073429039-300x226.jpg 300w, https:\/\/www.thueringer-sportaemter.de\/cms\/wp-content\/uploads\/2023\/06\/PXL_20230510_073429039-1024x771.jpg 1024w, https:\/\/www.thueringer-sportaemter.de\/cms\/wp-content\/uploads\/2023\/06\/PXL_20230510_073429039-768x578.jpg 768w, https:\/\/www.thueringer-sportaemter.de\/cms\/wp-content\/uploads\/2023\/06\/PXL_20230510_073429039-1536x1157.jpg 1536w\" sizes=\"(max-width: 1920px) 100vw, 1920px\" \/>Am 10.05.23 fand in Weimar die Fr\u00fchjahrstagung der Th\u00fcringer Sport\u00e4mterkonferenz statt.<br \/>\nNach der Begr\u00fc\u00dfung durch den Weimarer OB und den Vorsitzenden Jens Batschkus ging es gleich in die Tagesordnung.<\/p>\n<p>Wie immer waren Vertreter vom Th\u00fcringer Ministerium f\u00fcr Bildung, Jugend und Sport (TMBJS) sowie der Hauptgesch\u00e4ftsf\u00fchrer des LSB Th\u00fcringen, Thomas Zirkel, geladen und dieser gefolgt.<\/p>\n<p>U.a. ging es um die Neuausrichtung\/Positionierung der \u201eLandessportkonferenz\u201c als st\u00e4ndiges beratendes Gremium des TMBJS in Fragen des Sports, die Aufteilung der Landespauschale zur Finanzierung der unentgeltlichen Nutzung von kommunalen Sporteinrichtungen durch Vereine und Verb\u00e4nde, die Ausreichung der Energiepauschale an Betreiber von Sportanlagen (Kommunen\/Vereine) und den aktuellen Stand der Novellierung zur Sportst\u00e4ttenbauf\u00f6rderrichtlinie ( <a href=\"https:\/\/bildung.thueringen.de\/sport\/sportstaettenbau\" target=\"_blank\" rel=\"noopener\">https:\/\/bildung.thueringen.de\/sport\/sportstaettenbau<\/a> ) und die damit verbundene \u00dcberarbeitung des Priorit\u00e4tenkatalogs.<\/p>\n<p>Nach der Mittagspause gab es den bew\u00e4hrten Austausch unter Kolleginnen und Kollegen zu aktuellen Themen, u.a.<\/p>\n<ul>\n<li>dem Stand der Umsetzung &#8222;pestizidfreie Kommune&#8220; in Bezug auf die Sportplatzpflege<\/li>\n<li>die Einf\u00fchrung des &#8222;Blauen Engel&#8220; f\u00fcr Kunstrasensysteme<\/li>\n<li>die Bew\u00e4sserung von Sportpl\u00e4tzen in Zeiten des Klimawandels und sinkender Grundwasserspiegel<\/li>\n<li>Handhabung der Sportlerehrung<\/li>\n<\/ul>\n<p>Letzteres soll zur Herbsttagung vertieft und anhand von Praxisbeispielen vorgestellt werden.<\/p>\n","protected":false},"excerpt":{"rendered":"<p>Am 10.05.23 fand in Weimar die Fr\u00fchjahrstagung der Th\u00fcringer Sport\u00e4mterkonferenz statt. Nach der Begr\u00fc\u00dfung durch den Weimarer OB und den Vorsitzenden Jens Batschkus ging es gleich in die Tagesordnung. Wie &#8230;<\/p>\n","protected":false},"author":1,"featured_media":1425,"comment_status":"closed","ping_status":"closed","sticky":false,"template":"","format":"standard","meta":{"footnotes":""},"categories":[1],"tags":[],"class_list":["post-1424","post","type-post","status-publish","format-standard","has-post-thumbnail","hentry","category-allgemein"],"_links":{"self":[{"href":"https:\/\/www.thueringer-sportaemter.de\/cms\/index.php\/wp-json\/wp\/v2\/posts\/1424"}],"collection":[{"href":"https:\/\/www.thueringer-sportaemter.de\/cms\/index.php\/wp-json\/wp\/v2\/posts"}],"about":[{"href":"https:\/\/www.thueringer-sportaemter.de\/cms\/index.php\/wp-json\/wp\/v2\/types\/post"}],"author":[{"embeddable":true,"href":"https:\/\/www.thueringer-sportaemter.de\/cms\/index.php\/wp-json\/wp\/v2\/users\/1"}],"replies":[{"embeddable":true,"href":"https:\/\/www.thueringer-sportaemter.de\/cms\/index.php\/wp-json\/wp\/v2\/comments?post=1424"}],"version-history":[{"count":2,"href":"https:\/\/www.thueringer-sportaemter.de\/cms\/index.php\/wp-json\/wp\/v2\/posts\/1424\/revisions"}],"predecessor-version":[{"id":1427,"href":"https:\/\/www.thueringer-sportaemter.de\/cms\/index.php\/wp-json\/wp\/v2\/posts\/1424\/revisions\/1427"}],"wp:featuredmedia":[{"embeddable":true,"href":"https:\/\/www.thueringer-sportaemter.de\/cms\/index.php\/wp-json\/wp\/v2\/media\/1425"}],"wp:attachment":[{"href":"https:\/\/www.thueringer-sportaemter.de\/cms\/index.php\/wp-json\/wp\/v2\/media?parent=1424"}],"wp:term":[{"taxonomy":"category","embeddable":true,"href":"https:\/\/www.thueringer-sportaemter.de\/cms\/index.php\/wp-json\/wp\/v2\/categories?post=1424"},{"taxonomy":"post_tag","embeddable":true,"href":"https:\/\/www.thueringer-sportaemter.de\/cms\/index.php\/wp-json\/wp\/v2\/tags?post=1424"}],"curies":[{"name":"wp","href":"https:\/\/api.w.org\/{rel}","templated":true}]}}